{"id":1117,"date":"2022-05-11T21:51:03","date_gmt":"2022-05-11T21:51:03","guid":{"rendered":"https:\/\/editorialuniversitaria.usac.edu.gt\/?p=1117"},"modified":"2022-05-14T02:42:23","modified_gmt":"2022-05-14T02:42:23","slug":"filusac-2022-13-de-mayo","status":"publish","type":"post","link":"https:\/\/editorialuniversitaria.usac.edu.gt\/index.php\/2022\/05\/11\/filusac-2022-13-de-mayo\/","title":{"rendered":"Filusac 2022, 13 de mayo"},"content":{"rendered":"\n<p>Presentaci\u00f3n -EULAC-  Asociaci\u00f3n de Editoriales Universitarias de Am\u00e9rica Latina y el Caribe<\/p>\n\n\n\n<figure class=\"wp-block-image size-large\"><img decoding=\"async\" width=\"742\" height=\"1024\" src=\"https:\/\/editorialuniversitaria.usac.edu.gt\/wp-content\/uploads\/2022\/05\/13-de-mayo-9-horas-742x1024.jpg\" alt=\"\" class=\"wp-image-1132\" srcset=\"https:\/\/editorialuniversitaria.usac.edu.gt\/wp-content\/uploads\/2022\/05\/13-de-mayo-9-horas-742x1024.jpg 742w, https:\/\/editorialuniversitaria.usac.edu.gt\/wp-content\/uploads\/2022\/05\/13-de-mayo-9-horas-217x300.jpg 217w, https:\/\/editorialuniversitaria.usac.edu.gt\/wp-content\/uploads\/2022\/05\/13-de-mayo-9-horas-768x1060.jpg 768w, https:\/\/editorialuniversitaria.usac.edu.gt\/wp-content\/uploads\/2022\/05\/13-de-mayo-9-horas-570x787.jpg 570w, https:\/\/editorialuniversitaria.usac.edu.gt\/wp-content\/uploads\/2022\/05\/13-de-mayo-9-horas-14x20.jpg 14w, https:\/\/editorialuniversitaria.usac.edu.gt\/wp-content\/uploads\/2022\/05\/13-de-mayo-9-horas.jpg 788w\" sizes=\"(max-width: 742px) 100vw, 742px\" \/><\/figure>\n\n\n\n<iframe loading=\"lazy\" src=\"https:\/\/www.facebook.com\/plugins\/video.php?height=314&#038;href=https%3A%2F%2Fwww.facebook.com%2Feducacion.continua.usac%2Fvideos%2F539796941092249%2F&#038;show_text=false&#038;width=560&#038;t=0\" width=\"560\" height=\"314\" style=\"border:none;overflow:hidden\" scrolling=\"no\" frameborder=\"0\" allowfullscreen=\"true\" allow=\"autoplay; clipboard-write; encrypted-media; picture-in-picture; web-share\" allowFullScreen=\"true\"><\/iframe>\n\n\n\n<p>Conversatorio Mujer, tu voz inspira<\/p>\n\n\n\n<figure class=\"wp-block-image size-large\"><img decoding=\"async\" width=\"742\" height=\"1024\" src=\"https:\/\/editorialuniversitaria.usac.edu.gt\/wp-content\/uploads\/2022\/05\/279647329_5266203106773777_3957467209427509766_n-742x1024.jpg\" alt=\"\" class=\"wp-image-1118\" srcset=\"https:\/\/editorialuniversitaria.usac.edu.gt\/wp-content\/uploads\/2022\/05\/279647329_5266203106773777_3957467209427509766_n-742x1024.jpg 742w, https:\/\/editorialuniversitaria.usac.edu.gt\/wp-content\/uploads\/2022\/05\/279647329_5266203106773777_3957467209427509766_n-217x300.jpg 217w, https:\/\/editorialuniversitaria.usac.edu.gt\/wp-content\/uploads\/2022\/05\/279647329_5266203106773777_3957467209427509766_n-768x1060.jpg 768w, https:\/\/editorialuniversitaria.usac.edu.gt\/wp-content\/uploads\/2022\/05\/279647329_5266203106773777_3957467209427509766_n-570x787.jpg 570w, https:\/\/editorialuniversitaria.usac.edu.gt\/wp-content\/uploads\/2022\/05\/279647329_5266203106773777_3957467209427509766_n-14x20.jpg 14w, https:\/\/editorialuniversitaria.usac.edu.gt\/wp-content\/uploads\/2022\/05\/279647329_5266203106773777_3957467209427509766_n.jpg 788w\" sizes=\"(max-width: 742px) 100vw, 742px\" \/><\/figure>\n\n\n\n<iframe loading=\"lazy\" src=\"https:\/\/www.facebook.com\/plugins\/video.php?height=314&#038;href=https%3A%2F%2Fwww.facebook.com%2Feducacion.continua.usac%2Fvideos%2F1333973107096821%2F&#038;show_text=false&#038;width=560&#038;t=0\" width=\"560\" height=\"314\" style=\"border:none;overflow:hidden\" scrolling=\"no\" frameborder=\"0\" allowfullscreen=\"true\" allow=\"autoplay; clipboard-write; encrypted-media; picture-in-picture; web-share\" allowFullScreen=\"true\"><\/iframe>\n\n\n\n<p>Conversatorio Vida y Obra de Ricardo Falla<\/p>\n\n\n\n<figure class=\"wp-block-image size-large\"><img decoding=\"async\" width=\"742\" height=\"1024\" src=\"https:\/\/editorialuniversitaria.usac.edu.gt\/wp-content\/uploads\/2022\/05\/13-de-mayo-742x1024.jpg\" alt=\"\" class=\"wp-image-1130\" srcset=\"https:\/\/editorialuniversitaria.usac.edu.gt\/wp-content\/uploads\/2022\/05\/13-de-mayo-742x1024.jpg 742w, https:\/\/editorialuniversitaria.usac.edu.gt\/wp-content\/uploads\/2022\/05\/13-de-mayo-217x300.jpg 217w, https:\/\/editorialuniversitaria.usac.edu.gt\/wp-content\/uploads\/2022\/05\/13-de-mayo-768x1060.jpg 768w, https:\/\/editorialuniversitaria.usac.edu.gt\/wp-content\/uploads\/2022\/05\/13-de-mayo-570x787.jpg 570w, https:\/\/editorialuniversitaria.usac.edu.gt\/wp-content\/uploads\/2022\/05\/13-de-mayo-14x20.jpg 14w, https:\/\/editorialuniversitaria.usac.edu.gt\/wp-content\/uploads\/2022\/05\/13-de-mayo.jpg 788w\" sizes=\"(max-width: 742px) 100vw, 742px\" \/><\/figure>\n\n\n\n<iframe loading=\"lazy\" src=\"https:\/\/www.facebook.com\/plugins\/video.php?height=314&#038;href=https%3A%2F%2Fwww.facebook.com%2Feducacion.continua.usac%2Fvideos%2F280584074286375%2F&#038;show_text=false&#038;width=560&#038;t=0\" width=\"560\" height=\"314\" style=\"border:none;overflow:hidden\" scrolling=\"no\" frameborder=\"0\" allowfullscreen=\"true\" allow=\"autoplay; clipboard-write; encrypted-media; picture-in-picture; web-share\" allowFullScreen=\"true\"><\/iframe>\n\n\n\n<p>Clausura II Feria Internacional del Libro Universitario<\/p>\n\n\n\n<figure class=\"wp-block-image size-large\"><img decoding=\"async\" width=\"742\" height=\"1024\" src=\"https:\/\/editorialuniversitaria.usac.edu.gt\/wp-content\/uploads\/2022\/05\/280637281_5272127076181380_3480131578959183287_n-742x1024.jpg\" alt=\"\" class=\"wp-image-1119\" srcset=\"https:\/\/editorialuniversitaria.usac.edu.gt\/wp-content\/uploads\/2022\/05\/280637281_5272127076181380_3480131578959183287_n-742x1024.jpg 742w, https:\/\/editorialuniversitaria.usac.edu.gt\/wp-content\/uploads\/2022\/05\/280637281_5272127076181380_3480131578959183287_n-217x300.jpg 217w, https:\/\/editorialuniversitaria.usac.edu.gt\/wp-content\/uploads\/2022\/05\/280637281_5272127076181380_3480131578959183287_n-768x1060.jpg 768w, https:\/\/editorialuniversitaria.usac.edu.gt\/wp-content\/uploads\/2022\/05\/280637281_5272127076181380_3480131578959183287_n-570x787.jpg 570w, https:\/\/editorialuniversitaria.usac.edu.gt\/wp-content\/uploads\/2022\/05\/280637281_5272127076181380_3480131578959183287_n-14x20.jpg 14w, https:\/\/editorialuniversitaria.usac.edu.gt\/wp-content\/uploads\/2022\/05\/280637281_5272127076181380_3480131578959183287_n.jpg 788w\" sizes=\"(max-width: 742px) 100vw, 742px\" \/><\/figure>\n\n\n\n<iframe loading=\"lazy\" src=\"https:\/\/www.facebook.com\/plugins\/video.php?height=314&#038;href=https%3A%2F%2Fwww.facebook.com%2Feducacion.continua.usac%2Fvideos%2F374732321373503%2F&#038;show_text=false&#038;width=560&#038;t=0\" width=\"560\" height=\"314\" style=\"border:none;overflow:hidden\" scrolling=\"no\" frameborder=\"0\" allowfullscreen=\"true\" allow=\"autoplay; clipboard-write; encrypted-media; picture-in-picture; web-share\" allowFullScreen=\"true\"><\/iframe>\n","protected":false},"excerpt":{"rendered":"<p>Presentaci\u00f3n -EULAC- Asociaci\u00f3n de Editoriales Universitarias de Am\u00e9rica Latina y el Caribe Conversatorio Mujer, tu voz inspira Conversatorio Vida y Obra de Ricardo Falla Clausura II Feria Internacional del Libro Universitario<\/p>\n","protected":false},"author":11,"featured_media":1121,"comment_status":"open","ping_status":"open","sticky":false,"template":"","format":"standard","meta":{"iawp_total_views":1,"footnotes":""},"categories":[3],"tags":[],"class_list":{"0":"post-1117","1":"post","2":"type-post","3":"status-publish","4":"format-standard","5":"has-post-thumbnail","7":"category-eventos","8":"czr-hentry"},"_links":{"self":[{"href":"https:\/\/editorialuniversitaria.usac.edu.gt\/index.php\/wp-json\/wp\/v2\/posts\/1117","targetHints":{"allow":["GET"]}}],"collection":[{"href":"https:\/\/editorialuniversitaria.usac.edu.gt\/index.php\/wp-json\/wp\/v2\/posts"}],"about":[{"href":"https:\/\/editorialuniversitaria.usac.edu.gt\/index.php\/wp-json\/wp\/v2\/types\/post"}],"author":[{"embeddable":true,"href":"https:\/\/editorialuniversitaria.usac.edu.gt\/index.php\/wp-json\/wp\/v2\/users\/11"}],"replies":[{"embeddable":true,"href":"https:\/\/editorialuniversitaria.usac.edu.gt\/index.php\/wp-json\/wp\/v2\/comments?post=1117"}],"version-history":[{"count":8,"href":"https:\/\/editorialuniversitaria.usac.edu.gt\/index.php\/wp-json\/wp\/v2\/posts\/1117\/revisions"}],"predecessor-version":[{"id":1136,"href":"https:\/\/editorialuniversitaria.usac.edu.gt\/index.php\/wp-json\/wp\/v2\/posts\/1117\/revisions\/1136"}],"wp:featuredmedia":[{"embeddable":true,"href":"https:\/\/editorialuniversitaria.usac.edu.gt\/index.php\/wp-json\/wp\/v2\/media\/1121"}],"wp:attachment":[{"href":"https:\/\/editorialuniversitaria.usac.edu.gt\/index.php\/wp-json\/wp\/v2\/media?parent=1117"}],"wp:term":[{"taxonomy":"category","embeddable":true,"href":"https:\/\/editorialuniversitaria.usac.edu.gt\/index.php\/wp-json\/wp\/v2\/categories?post=1117"},{"taxonomy":"post_tag","embeddable":true,"href":"https:\/\/editorialuniversitaria.usac.edu.gt\/index.php\/wp-json\/wp\/v2\/tags?post=1117"}],"curies":[{"name":"wp","href":"https:\/\/api.w.org\/{rel}","templated":true}]}}