{"id":133,"date":"2021-06-21T21:09:20","date_gmt":"2021-06-21T21:09:20","guid":{"rendered":"http:\/\/https:\/\/editorialuniversitaria.usac.edu.gt\/?p=133"},"modified":"2021-06-23T16:42:42","modified_gmt":"2021-06-23T16:42:42","slug":"general-mayor-de-la-universidad-de-san-carlos-en-guatemala-de-la-asuncion","status":"publish","type":"post","link":"https:\/\/editorialuniversitaria.usac.edu.gt\/index.php\/2021\/06\/21\/general-mayor-de-la-universidad-de-san-carlos-en-guatemala-de-la-asuncion\/","title":{"rendered":"General mayor de la Universidad de San Carlos en Guatemala de la Asunci\u00f3n"},"content":{"rendered":"\n<figure class=\"wp-block-image size-large is-resized\"><img decoding=\"async\" src=\"http:\/\/https:\/\/editorialuniversitaria.usac.edu.gt\/wp-content\/uploads\/2021\/06\/Colegio-mayor-697x1024.jpg\" alt=\"\" class=\"wp-image-134\" width=\"450\" height=\"661\" srcset=\"https:\/\/editorialuniversitaria.usac.edu.gt\/wp-content\/uploads\/2021\/06\/Colegio-mayor-697x1024.jpg 697w, https:\/\/editorialuniversitaria.usac.edu.gt\/wp-content\/uploads\/2021\/06\/Colegio-mayor-204x300.jpg 204w, https:\/\/editorialuniversitaria.usac.edu.gt\/wp-content\/uploads\/2021\/06\/Colegio-mayor-768x1128.jpg 768w, https:\/\/editorialuniversitaria.usac.edu.gt\/wp-content\/uploads\/2021\/06\/Colegio-mayor-1046x1536.jpg 1046w, https:\/\/editorialuniversitaria.usac.edu.gt\/wp-content\/uploads\/2021\/06\/Colegio-mayor-570x837.jpg 570w, https:\/\/editorialuniversitaria.usac.edu.gt\/wp-content\/uploads\/2021\/06\/Colegio-mayor-14x20.jpg 14w, https:\/\/editorialuniversitaria.usac.edu.gt\/wp-content\/uploads\/2021\/06\/Colegio-mayor.jpg 1268w\" sizes=\"(max-width: 450px) 100vw, 450px\" \/><\/figure>\n\n\n\n<p>General Mayor de la Universidad de San Carlos <br>de Guatemala de la Asunci\u00f3n A\u00f1os 1778-1961 <br>Autor: Francisco Ferr\u00fas Riog <br>Editorial Universitaria <br>106 P\u00e1gs. <br><strong>Q.40.00<\/strong><\/p>\n","protected":false},"excerpt":{"rendered":"<p>General Mayor de la Universidad de San Carlos de Guatemala de la Asunci\u00f3n A\u00f1os 1778-1961 Autor: Francisco Ferr\u00fas Riog Editorial Universitaria 106 P\u00e1gs. Q.40.00<\/p>\n","protected":false},"author":11,"featured_media":0,"comment_status":"open","ping_status":"open","sticky":false,"template":"","format":"standard","meta":{"iawp_total_views":1,"footnotes":""},"categories":[1],"tags":[],"class_list":{"0":"post-133","1":"post","2":"type-post","3":"status-publish","4":"format-standard","6":"category-libros","7":"czr-hentry"},"_links":{"self":[{"href":"https:\/\/editorialuniversitaria.usac.edu.gt\/index.php\/wp-json\/wp\/v2\/posts\/133","targetHints":{"allow":["GET"]}}],"collection":[{"href":"https:\/\/editorialuniversitaria.usac.edu.gt\/index.php\/wp-json\/wp\/v2\/posts"}],"about":[{"href":"https:\/\/editorialuniversitaria.usac.edu.gt\/index.php\/wp-json\/wp\/v2\/types\/post"}],"author":[{"embeddable":true,"href":"https:\/\/editorialuniversitaria.usac.edu.gt\/index.php\/wp-json\/wp\/v2\/users\/11"}],"replies":[{"embeddable":true,"href":"https:\/\/editorialuniversitaria.usac.edu.gt\/index.php\/wp-json\/wp\/v2\/comments?post=133"}],"version-history":[{"count":3,"href":"https:\/\/editorialuniversitaria.usac.edu.gt\/index.php\/wp-json\/wp\/v2\/posts\/133\/revisions"}],"predecessor-version":[{"id":264,"href":"https:\/\/editorialuniversitaria.usac.edu.gt\/index.php\/wp-json\/wp\/v2\/posts\/133\/revisions\/264"}],"wp:attachment":[{"href":"https:\/\/editorialuniversitaria.usac.edu.gt\/index.php\/wp-json\/wp\/v2\/media?parent=133"}],"wp:term":[{"taxonomy":"category","embeddable":true,"href":"https:\/\/editorialuniversitaria.usac.edu.gt\/index.php\/wp-json\/wp\/v2\/categories?post=133"},{"taxonomy":"post_tag","embeddable":true,"href":"https:\/\/editorialuniversitaria.usac.edu.gt\/index.php\/wp-json\/wp\/v2\/tags?post=133"}],"curies":[{"name":"wp","href":"https:\/\/api.w.org\/{rel}","templated":true}]}}