{"id":470,"date":"2021-06-25T20:56:22","date_gmt":"2021-06-25T20:56:22","guid":{"rendered":"http:\/\/https:\/\/editorialuniversitaria.usac.edu.gt\/?p=470"},"modified":"2021-06-25T20:58:11","modified_gmt":"2021-06-25T20:58:11","slug":"privatizacion-de-la-educacion-publica","status":"publish","type":"post","link":"https:\/\/editorialuniversitaria.usac.edu.gt\/index.php\/2021\/06\/25\/privatizacion-de-la-educacion-publica\/","title":{"rendered":"Privatizaci\u00f3n de la educaci\u00f3n p\u00fablica"},"content":{"rendered":"\n<figure class=\"wp-block-image size-large\"><img decoding=\"async\" width=\"450\" height=\"662\" src=\"http:\/\/https:\/\/editorialuniversitaria.usac.edu.gt\/wp-content\/uploads\/2021\/06\/PRIVATIZACION.jpg\" alt=\"\" class=\"wp-image-471\" srcset=\"https:\/\/editorialuniversitaria.usac.edu.gt\/wp-content\/uploads\/2021\/06\/PRIVATIZACION.jpg 450w, https:\/\/editorialuniversitaria.usac.edu.gt\/wp-content\/uploads\/2021\/06\/PRIVATIZACION-204x300.jpg 204w, https:\/\/editorialuniversitaria.usac.edu.gt\/wp-content\/uploads\/2021\/06\/PRIVATIZACION-14x20.jpg 14w\" sizes=\"(max-width: 450px) 100vw, 450px\" \/><\/figure>\n\n\n\n<p>Autor: Edwin Mej\u00eda Palma<br><strong>Q.85.00<\/strong><\/p>\n","protected":false},"excerpt":{"rendered":"<p>Autor: Edwin Mej\u00eda PalmaQ.85.00<\/p>\n","protected":false},"author":1,"featured_media":0,"comment_status":"open","ping_status":"open","sticky":false,"template":"","format":"standard","meta":{"iawp_total_views":0,"footnotes":""},"categories":[1],"tags":[],"class_list":{"0":"post-470","1":"post","2":"type-post","3":"status-publish","4":"format-standard","6":"category-libros","7":"czr-hentry"},"_links":{"self":[{"href":"https:\/\/editorialuniversitaria.usac.edu.gt\/index.php\/wp-json\/wp\/v2\/posts\/470","targetHints":{"allow":["GET"]}}],"collection":[{"href":"https:\/\/editorialuniversitaria.usac.edu.gt\/index.php\/wp-json\/wp\/v2\/posts"}],"about":[{"href":"https:\/\/editorialuniversitaria.usac.edu.gt\/index.php\/wp-json\/wp\/v2\/types\/post"}],"author":[{"embeddable":true,"href":"https:\/\/editorialuniversitaria.usac.edu.gt\/index.php\/wp-json\/wp\/v2\/users\/1"}],"replies":[{"embeddable":true,"href":"https:\/\/editorialuniversitaria.usac.edu.gt\/index.php\/wp-json\/wp\/v2\/comments?post=470"}],"version-history":[{"count":2,"href":"https:\/\/editorialuniversitaria.usac.edu.gt\/index.php\/wp-json\/wp\/v2\/posts\/470\/revisions"}],"predecessor-version":[{"id":474,"href":"https:\/\/editorialuniversitaria.usac.edu.gt\/index.php\/wp-json\/wp\/v2\/posts\/470\/revisions\/474"}],"wp:attachment":[{"href":"https:\/\/editorialuniversitaria.usac.edu.gt\/index.php\/wp-json\/wp\/v2\/media?parent=470"}],"wp:term":[{"taxonomy":"category","embeddable":true,"href":"https:\/\/editorialuniversitaria.usac.edu.gt\/index.php\/wp-json\/wp\/v2\/categories?post=470"},{"taxonomy":"post_tag","embeddable":true,"href":"https:\/\/editorialuniversitaria.usac.edu.gt\/index.php\/wp-json\/wp\/v2\/tags?post=470"}],"curies":[{"name":"wp","href":"https:\/\/api.w.org\/{rel}","templated":true}]}}