{"id":886,"date":"2021-07-20T19:08:00","date_gmt":"2021-07-20T19:08:00","guid":{"rendered":"https:\/\/editorialuniversitaria.usac.edu.gt\/?p=886"},"modified":"2021-07-21T02:48:50","modified_gmt":"2021-07-21T02:48:50","slug":"inauguracion-filusac-2021-2","status":"publish","type":"post","link":"https:\/\/editorialuniversitaria.usac.edu.gt\/index.php\/2021\/07\/20\/inauguracion-filusac-2021-2\/","title":{"rendered":"Inauguraci\u00f3n FILUSAC 2021"},"content":{"rendered":"\n<figure class=\"wp-block-image size-large is-style-default\"><img decoding=\"async\" width=\"1024\" height=\"742\" src=\"https:\/\/editorialuniversitaria.usac.edu.gt\/wp-content\/uploads\/2021\/07\/01-INVITACION-01-1024x742.jpg\" alt=\"\" class=\"wp-image-884\" srcset=\"https:\/\/editorialuniversitaria.usac.edu.gt\/wp-content\/uploads\/2021\/07\/01-INVITACION-01-1024x742.jpg 1024w, https:\/\/editorialuniversitaria.usac.edu.gt\/wp-content\/uploads\/2021\/07\/01-INVITACION-01-300x217.jpg 300w, https:\/\/editorialuniversitaria.usac.edu.gt\/wp-content\/uploads\/2021\/07\/01-INVITACION-01-768x556.jpg 768w, https:\/\/editorialuniversitaria.usac.edu.gt\/wp-content\/uploads\/2021\/07\/01-INVITACION-01-1536x1112.jpg 1536w, https:\/\/editorialuniversitaria.usac.edu.gt\/wp-content\/uploads\/2021\/07\/01-INVITACION-01-2048x1483.jpg 2048w, https:\/\/editorialuniversitaria.usac.edu.gt\/wp-content\/uploads\/2021\/07\/01-INVITACION-01-570x413.jpg 570w, https:\/\/editorialuniversitaria.usac.edu.gt\/wp-content\/uploads\/2021\/07\/01-INVITACION-01-20x14.jpg 20w\" sizes=\"(max-width: 1024px) 100vw, 1024px\" \/><\/figure>\n\n\n\n<p><strong>Inaguraci\u00f3n FILUSAC 2021<\/strong><\/p>\n\n\n\n<iframe loading=\"lazy\" src=\"https:\/\/www.facebook.com\/plugins\/video.php?height=314&#038;href=https%3A%2F%2Fwww.facebook.com%2Feducacion.continua.usac%2Fvideos%2F236045115022539%2F&#038;show_text=false&#038;width=560&#038;t=0\" width=\"560\" height=\"314\" style=\"border:none;overflow:hidden\" scrolling=\"no\" frameborder=\"0\" allowfullscreen=\"true\" allow=\"autoplay; clipboard-write; encrypted-media; picture-in-picture; web-share\" allowFullScreen=\"true\"><\/iframe>\n\n\n\n<p><strong>Conociendo el mundo ind\u00edgena (1932-1981)<\/strong> Presentaci\u00f3n anticipada del volumen No. 8 de la colecci\u00f3n Al atardecer de la vida&#8230; Escritos de Ricardo Falla.  <\/p>\n\n\n\n<iframe loading=\"lazy\" src=\"https:\/\/www.facebook.com\/plugins\/video.php?height=314&#038;href=https%3A%2F%2Fwww.facebook.com%2Feducacion.continua.usac%2Fvideos%2F559768985046073%2F&#038;show_text=false&#038;width=560&#038;t=0\" width=\"560\" height=\"314\" style=\"border:none;overflow:hidden\" scrolling=\"no\" frameborder=\"0\" allowfullscreen=\"true\" allow=\"autoplay; clipboard-write; encrypted-media; picture-in-picture; web-share\" allowFullScreen=\"true\"><\/iframe>\n\n\n\n<p><strong>Actividad Cultural <\/strong>-CORO USAC-<\/p>\n\n\n\n<iframe loading=\"lazy\" src=\"https:\/\/www.facebook.com\/plugins\/video.php?height=314&#038;href=https%3A%2F%2Fwww.facebook.com%2Feducacion.continua.usac%2Fvideos%2F2923078491293423%2F&#038;show_text=false&#038;width=560&#038;t=0\" width=\"560\" height=\"314\" style=\"border:none;overflow:hidden\" scrolling=\"no\" frameborder=\"0\" allowfullscreen=\"true\" allow=\"autoplay; clipboard-write; encrypted-media; picture-in-picture; web-share\" allowFullScreen=\"true\"><\/iframe>\n\n\n\n<p>Presentaci\u00f3n <strong>\u00bfRacista yo? <\/strong>Editorial Maya Wuj<\/p>\n\n\n\n<iframe loading=\"lazy\" src=\"https:\/\/www.facebook.com\/plugins\/video.php?height=314&#038;href=https%3A%2F%2Fwww.facebook.com%2Feducacion.continua.usac%2Fvideos%2F839743716927824%2F&#038;show_text=false&#038;width=560&#038;t=0\" width=\"560\" height=\"314\" style=\"border:none;overflow:hidden\" scrolling=\"no\" frameborder=\"0\" allowfullscreen=\"true\" allow=\"autoplay; clipboard-write; encrypted-media; picture-in-picture; web-share\" allowFullScreen=\"true\"><\/iframe>\n\n\n\n<p>Conversatorio <strong>Vida y Obra de Otto &#8211; Ra\u00fal Gonz\u00e1lez<\/strong><\/p>\n\n\n\n<iframe loading=\"lazy\" src=\"https:\/\/www.facebook.com\/plugins\/video.php?height=314&#038;href=https%3A%2F%2Fwww.facebook.com%2Feducacion.continua.usac%2Fvideos%2F2883389618593768%2F&#038;show_text=false&#038;width=560&#038;t=0\" width=\"560\" height=\"314\" style=\"border:none;overflow:hidden\" scrolling=\"no\" frameborder=\"0\" allowfullscreen=\"true\" allow=\"autoplay; clipboard-write; encrypted-media; picture-in-picture; web-share\" allowFullScreen=\"true\"><\/iframe>\n\n\n\n<p>Conversatorio <strong>Augusto Monterroso, en el primer Centenario de su Nacimiento<\/strong><\/p>\n\n\n\n<iframe loading=\"lazy\" src=\"https:\/\/www.facebook.com\/plugins\/video.php?height=314&#038;href=https%3A%2F%2Fwww.facebook.com%2Feducacion.continua.usac%2Fvideos%2F551944875974033%2F&#038;show_text=false&#038;width=560&#038;t=0\" width=\"560\" height=\"314\" style=\"border:none;overflow:hidden\" scrolling=\"no\" frameborder=\"0\" allowfullscreen=\"true\" allow=\"autoplay; clipboard-write; encrypted-media; picture-in-picture; web-share\" allowFullScreen=\"true\"><\/iframe>\n","protected":false},"excerpt":{"rendered":"<p>Inaguraci\u00f3n FILUSAC 2021 Conociendo el mundo ind\u00edgena (1932-1981) Presentaci\u00f3n anticipada del volumen No. 8 de la colecci\u00f3n Al atardecer de la vida&#8230; Escritos de Ricardo Falla. Actividad Cultural -CORO USAC- Presentaci\u00f3n \u00bfRacista yo? Editorial Maya Wuj Conversatorio Vida y Obra de Otto &#8211; Ra\u00fal Gonz\u00e1lez Conversatorio Augusto Monterroso, en el primer Centenario de su Nacimiento<\/p>\n","protected":false},"author":11,"featured_media":884,"comment_status":"open","ping_status":"open","sticky":false,"template":"","format":"standard","meta":{"iawp_total_views":0,"footnotes":""},"categories":[3],"tags":[],"class_list":{"0":"post-886","1":"post","2":"type-post","3":"status-publish","4":"format-standard","5":"has-post-thumbnail","7":"category-eventos","8":"czr-hentry"},"_links":{"self":[{"href":"https:\/\/editorialuniversitaria.usac.edu.gt\/index.php\/wp-json\/wp\/v2\/posts\/886","targetHints":{"allow":["GET"]}}],"collection":[{"href":"https:\/\/editorialuniversitaria.usac.edu.gt\/index.php\/wp-json\/wp\/v2\/posts"}],"about":[{"href":"https:\/\/editorialuniversitaria.usac.edu.gt\/index.php\/wp-json\/wp\/v2\/types\/post"}],"author":[{"embeddable":true,"href":"https:\/\/editorialuniversitaria.usac.edu.gt\/index.php\/wp-json\/wp\/v2\/users\/11"}],"replies":[{"embeddable":true,"href":"https:\/\/editorialuniversitaria.usac.edu.gt\/index.php\/wp-json\/wp\/v2\/comments?post=886"}],"version-history":[{"count":9,"href":"https:\/\/editorialuniversitaria.usac.edu.gt\/index.php\/wp-json\/wp\/v2\/posts\/886\/revisions"}],"predecessor-version":[{"id":900,"href":"https:\/\/editorialuniversitaria.usac.edu.gt\/index.php\/wp-json\/wp\/v2\/posts\/886\/revisions\/900"}],"wp:featuredmedia":[{"embeddable":true,"href":"https:\/\/editorialuniversitaria.usac.edu.gt\/index.php\/wp-json\/wp\/v2\/media\/884"}],"wp:attachment":[{"href":"https:\/\/editorialuniversitaria.usac.edu.gt\/index.php\/wp-json\/wp\/v2\/media?parent=886"}],"wp:term":[{"taxonomy":"category","embeddable":true,"href":"https:\/\/editorialuniversitaria.usac.edu.gt\/index.php\/wp-json\/wp\/v2\/categories?post=886"},{"taxonomy":"post_tag","embeddable":true,"href":"https:\/\/editorialuniversitaria.usac.edu.gt\/index.php\/wp-json\/wp\/v2\/tags?post=886"}],"curies":[{"name":"wp","href":"https:\/\/api.w.org\/{rel}","templated":true}]}}