{"id":902,"date":"2021-07-22T00:54:42","date_gmt":"2021-07-22T00:54:42","guid":{"rendered":"https:\/\/editorialuniversitaria.usac.edu.gt\/?p=902"},"modified":"2021-07-22T02:40:31","modified_gmt":"2021-07-22T02:40:31","slug":"21-de-julio-filusac-2021","status":"publish","type":"post","link":"https:\/\/editorialuniversitaria.usac.edu.gt\/index.php\/2021\/07\/22\/21-de-julio-filusac-2021\/","title":{"rendered":"21 de julio FILUSAC 2021"},"content":{"rendered":"\n<figure class=\"wp-block-image size-large\"><img decoding=\"async\" width=\"668\" height=\"1024\" src=\"https:\/\/editorialuniversitaria.usac.edu.gt\/wp-content\/uploads\/2021\/07\/AFICHES-FILUSAC-01-02-01-02-1-668x1024.jpg\" alt=\"\" class=\"wp-image-903\" srcset=\"https:\/\/editorialuniversitaria.usac.edu.gt\/wp-content\/uploads\/2021\/07\/AFICHES-FILUSAC-01-02-01-02-1-668x1024.jpg 668w, https:\/\/editorialuniversitaria.usac.edu.gt\/wp-content\/uploads\/2021\/07\/AFICHES-FILUSAC-01-02-01-02-1-196x300.jpg 196w, https:\/\/editorialuniversitaria.usac.edu.gt\/wp-content\/uploads\/2021\/07\/AFICHES-FILUSAC-01-02-01-02-1-768x1177.jpg 768w, https:\/\/editorialuniversitaria.usac.edu.gt\/wp-content\/uploads\/2021\/07\/AFICHES-FILUSAC-01-02-01-02-1-1002x1536.jpg 1002w, https:\/\/editorialuniversitaria.usac.edu.gt\/wp-content\/uploads\/2021\/07\/AFICHES-FILUSAC-01-02-01-02-1-1336x2048.jpg 1336w, https:\/\/editorialuniversitaria.usac.edu.gt\/wp-content\/uploads\/2021\/07\/AFICHES-FILUSAC-01-02-01-02-1-scaled.jpg 1670w\" sizes=\"(max-width: 668px) 100vw, 668px\" \/><\/figure>\n\n\n\n<p>Presentaci\u00f3n del Libro<strong> \u201cCamila Frente al Horizonte\u201d<\/strong><\/p>\n\n\n\n<iframe loading=\"lazy\" src=\"https:\/\/www.facebook.com\/plugins\/video.php?height=314&#038;href=https%3A%2F%2Fwww.facebook.com%2Feducacion.continua.usac%2Fvideos%2F620448665590654%2F&#038;show_text=false&#038;width=560&#038;t=0\" width=\"560\" height=\"314\" style=\"border:none;overflow:hidden\" scrolling=\"no\" frameborder=\"0\" allowfullscreen=\"true\" allow=\"autoplay; clipboard-write; encrypted-media; picture-in-picture; web-share\" allowFullScreen=\"true\"><\/iframe>\n\n\n\n<p>Conferencia <strong>\u201cRetorno a la Nueva Normalidad: Conflicto u oportunidad\u201d<\/strong><\/p>\n\n\n\n<iframe loading=\"lazy\" src=\"https:\/\/www.facebook.com\/plugins\/video.php?height=314&#038;href=https%3A%2F%2Fwww.facebook.com%2Feducacion.continua.usac%2Fvideos%2F896102231250319%2F&#038;show_text=false&#038;width=560&#038;t=0\" width=\"560\" height=\"314\" style=\"border:none;overflow:hidden\" scrolling=\"no\" frameborder=\"0\" allowfullscreen=\"true\" allow=\"autoplay; clipboard-write; encrypted-media; picture-in-picture; web-share\" allowFullScreen=\"true\"><\/iframe>\n\n\n\n<p>Conversatorio <strong>\u201cLa Lucha que no Termina\u201d<\/strong><\/p>\n\n\n\n<iframe loading=\"lazy\" src=\"https:\/\/www.facebook.com\/plugins\/video.php?height=314&#038;href=https%3A%2F%2Fwww.facebook.com%2Feducacion.continua.usac%2Fvideos%2F1013169382575652%2F&#038;show_text=false&#038;width=560&#038;t=0\" width=\"560\" height=\"314\" style=\"border:none;overflow:hidden\" scrolling=\"no\" frameborder=\"0\" allowfullscreen=\"true\" allow=\"autoplay; clipboard-write; encrypted-media; picture-in-picture; web-share\" allowFullScreen=\"true\"><\/iframe>\n\n\n\n<p>Conversatorio <strong>\u201cGesti\u00f3n ambiental en Espa\u00f1a, Guatemala y M\u00e9xico desde la perspectiva de mujeres investigadoras\u201d<\/strong><\/p>\n\n\n\n<iframe loading=\"lazy\" src=\"https:\/\/www.facebook.com\/plugins\/video.php?height=314&#038;href=https%3A%2F%2Fwww.facebook.com%2Feducacion.continua.usac%2Fvideos%2F533621534718472%2F&#038;show_text=false&#038;width=560&#038;t=0\" width=\"560\" height=\"314\" style=\"border:none;overflow:hidden\" scrolling=\"no\" frameborder=\"0\" allowfullscreen=\"true\" allow=\"autoplay; clipboard-write; encrypted-media; picture-in-picture; web-share\" allowFullScreen=\"true\"><\/iframe>\n\n\n\n<p>Conversatorio <strong>Fondo de Cultura Econ\u00f3mica<\/strong><\/p>\n\n\n\n<iframe loading=\"lazy\" src=\"https:\/\/www.facebook.com\/plugins\/video.php?height=314&#038;href=https%3A%2F%2Fwww.facebook.com%2Feducacion.continua.usac%2Fvideos%2F155284523340483%2F&#038;show_text=false&#038;width=560&#038;t=0\" width=\"560\" height=\"314\" style=\"border:none;overflow:hidden\" scrolling=\"no\" frameborder=\"0\" allowfullscreen=\"true\" allow=\"autoplay; clipboard-write; encrypted-media; picture-in-picture; web-share\" allowFullScreen=\"true\"><\/iframe>\n\n\n\n<p>Presentaci\u00f3n del <strong>Libro Los Perros y los Sapos: Subjetividad y Lazo Social en Costa Rica<\/strong><\/p>\n\n\n\n<iframe loading=\"lazy\" src=\"https:\/\/www.facebook.com\/plugins\/video.php?height=314&#038;href=https%3A%2F%2Fwww.facebook.com%2Feducacion.continua.usac%2Fvideos%2F4702074159837660%2F&#038;show_text=false&#038;width=560&#038;t=0\" width=\"560\" height=\"314\" style=\"border:none;overflow:hidden\" scrolling=\"no\" frameborder=\"0\" allowfullscreen=\"true\" allow=\"autoplay; clipboard-write; encrypted-media; picture-in-picture; web-share\" allowFullScreen=\"true\"><\/iframe>\n","protected":false},"excerpt":{"rendered":"<p>Presentaci\u00f3n del Libro \u201cCamila Frente al Horizonte\u201d Conferencia \u201cRetorno a la Nueva Normalidad: Conflicto u oportunidad\u201d Conversatorio \u201cLa Lucha que no Termina\u201d Conversatorio \u201cGesti\u00f3n ambiental en Espa\u00f1a, Guatemala y M\u00e9xico desde la perspectiva de mujeres investigadoras\u201d Conversatorio Fondo de Cultura Econ\u00f3mica Presentaci\u00f3n del Libro Los Perros y los Sapos: Subjetividad y Lazo Social en Costa [&hellip;]<\/p>\n","protected":false},"author":11,"featured_media":905,"comment_status":"open","ping_status":"open","sticky":false,"template":"","format":"standard","meta":{"iawp_total_views":0,"footnotes":""},"categories":[3],"tags":[],"class_list":{"0":"post-902","1":"post","2":"type-post","3":"status-publish","4":"format-standard","5":"has-post-thumbnail","7":"category-eventos","8":"czr-hentry"},"_links":{"self":[{"href":"https:\/\/editorialuniversitaria.usac.edu.gt\/index.php\/wp-json\/wp\/v2\/posts\/902","targetHints":{"allow":["GET"]}}],"collection":[{"href":"https:\/\/editorialuniversitaria.usac.edu.gt\/index.php\/wp-json\/wp\/v2\/posts"}],"about":[{"href":"https:\/\/editorialuniversitaria.usac.edu.gt\/index.php\/wp-json\/wp\/v2\/types\/post"}],"author":[{"embeddable":true,"href":"https:\/\/editorialuniversitaria.usac.edu.gt\/index.php\/wp-json\/wp\/v2\/users\/11"}],"replies":[{"embeddable":true,"href":"https:\/\/editorialuniversitaria.usac.edu.gt\/index.php\/wp-json\/wp\/v2\/comments?post=902"}],"version-history":[{"count":3,"href":"https:\/\/editorialuniversitaria.usac.edu.gt\/index.php\/wp-json\/wp\/v2\/posts\/902\/revisions"}],"predecessor-version":[{"id":939,"href":"https:\/\/editorialuniversitaria.usac.edu.gt\/index.php\/wp-json\/wp\/v2\/posts\/902\/revisions\/939"}],"wp:featuredmedia":[{"embeddable":true,"href":"https:\/\/editorialuniversitaria.usac.edu.gt\/index.php\/wp-json\/wp\/v2\/media\/905"}],"wp:attachment":[{"href":"https:\/\/editorialuniversitaria.usac.edu.gt\/index.php\/wp-json\/wp\/v2\/media?parent=902"}],"wp:term":[{"taxonomy":"category","embeddable":true,"href":"https:\/\/editorialuniversitaria.usac.edu.gt\/index.php\/wp-json\/wp\/v2\/categories?post=902"},{"taxonomy":"post_tag","embeddable":true,"href":"https:\/\/editorialuniversitaria.usac.edu.gt\/index.php\/wp-json\/wp\/v2\/tags?post=902"}],"curies":[{"name":"wp","href":"https:\/\/api.w.org\/{rel}","templated":true}]}}